{"id":783,"date":"2013-06-28T22:34:59","date_gmt":"2013-06-28T20:34:59","guid":{"rendered":"https:\/\/www.unilinks.info\/blog\/?p=783"},"modified":"2014-09-05T16:22:04","modified_gmt":"2014-09-05T14:22:04","slug":"kein-tach-ohne-abschiebung","status":"publish","type":"post","link":"https:\/\/www.unilinks.info\/blog\/?p=783","title":{"rendered":"Kein Tach ohne Abschiebung"},"content":{"rendered":"<h2>Aufruf zum bundesweiten Tach ohne Abschiebung am 30.8.08 in Bielefeld und anderswo<\/h2>\n<p style=\"text-align: justify;\"><b>Kein Tach ohne Abschiebung<\/b><\/p>\n<p style=\"text-align: justify;\">Alleine aus dem Abschiebeknast B\u00fcren (bei Paderborn) heraus werden seit 1994 j\u00e4hrlich 3000-3500 Menschen unter unmenschlichen Bedingungen (z.B. Isohaft, Ausbeutung) abgeschoben. Da der Mensch zur Perfektion, und sei es nur zu der Perfektion Elend zu produzieren, neigt, haben sich die Herrschenden immer neue rassistische Sondergesetze f\u00fcr Fl\u00fcchtlinge einfallen und legitimieren lassen. So kam es im Dezember 1992 zu einer Grundgesetz-\u00e4nderung des Asylrechts. Es wurden dem Artikel 16\u00ffa Absatz 1 GG weitere Abs\u00e4tze (2-5) hinzugef\u00fcgt. So z.B. die Drittstaaten- und die sichere Herkunfts-staatenregelung. Die \u201ehohe\u201c Anerkennungsquote von Asyl von 0,9% (in Deutschland) verdeutlicht die faktische Abschaffung des Asylrechts in besonders absto\u00dfendem Ma\u00dfe. Neben weiteren brutalen Beschneidungen des Menschenrechts gegen betroffene Personen wurde Ende August 2007 die Grundlage f\u00fcr eine europ\u00e4ische Sammelabschiebepolitik geschaffen. Diese nimmt den von baldiger Abschiebung bedrohten Menschen weitere Selbstbestimmungsrechte und \u201eerlaubt\u201c die Festhaltung der Personen ohne richterlichen Beschluss \u00fcber unbestimmte Zeit.<\/p>\n<p style=\"text-align: justify;\"><b>Es reicht!<\/b><\/p>\n<p style=\"text-align: justify;\">Deshalb rufen wir und viele verschiedene Gruppe zu einem bundesweiten Tach ohne Abschiebung am <b>30.08.2008<\/b> auf. Beteiligt euch in Bielefeld oder anders wo!<\/p>\n<p style=\"text-align: justify;\">Am 05.07.08 werden ebenfalls tausende Menschen in Berlin auf einer bundesweiten Demonstration \u201eF\u00fcr ein globales Recht auf Freiheit\u201c dieses propagieren! (siehe: www.defence.de.be)<\/p>\n<p style=\"text-align: justify;\"><b>F\u00fcr eine freie Migration in einer freien Gesellschaft!<\/b><\/p>\n<p style=\"text-align: justify;\"><b>Ein Tach ohne Abschiebung! <\/b><\/p>\n<p style=\"text-align: justify;\">Am 30.08.2008 in ganz Deutschland und \u00d6sterreich. Informiert euch!<\/p>\n<p style=\"text-align: justify;\">Achtet auf Ank\u00fcndigungen! Siehe: www.abschiebefrei.blogsport.de<\/p>\n<p style=\"text-align: justify;\"><b>Machen wir gemeinsam jeden Tach zu einem Tach ohne Abschiebung! <\/b><\/p>\n<p><a href=\"https:\/\/www.unilinks.info\/blog\/wp-content\/uploads\/2013\/07\/Kein-Tach-ohne-Abschiebung.pdf\">Veranstaltungsflyer<\/a><\/p>\n<p align=\"center\">\n<div class=\"twoclick_social_bookmarks_post_783 social_share_privacy clearfix 1.6.4 locale-de_DE sprite-de_DE\"><\/div><div class=\"twoclick-js\"><script type=\"text\/javascript\">\/* <![CDATA[ *\/\njQuery(document).ready(function($){if($('.twoclick_social_bookmarks_post_783')){$('.twoclick_social_bookmarks_post_783').socialSharePrivacy({\"services\":{\"facebook\":{\"status\":\"on\",\"txt_info\":\"2 Klicks f\\u00fcr mehr Datenschutz: Erst wenn Ihr hier klickt, wird der Button aktiv und Ihr k\\u00f6nnt Eure Empfehlung an Facebook senden. Schon beim Aktivieren werden Daten an Dritte \\u00fcbertragen - siehe <em>i<\\\/em>.\",\"perma_option\":\"off\",\"action\":\"recommend\",\"language\":\"de_DE\"},\"twitter\":{\"reply_to\":\"uni_Links\",\"tweet_text\":\"%20Kein%20Tach%20ohne%20Abschiebung%20%C2%BB%20%3AuniLinks%21%20%23Antirassismus%20%23Demo%20...\",\"status\":\"on\",\"txt_info\":\"2 Klicks f\\u00fcr mehr Datenschutz: Erst wenn Ihr hier klickt, wird der Button aktiv und Ihr k\\u00f6nnt Eure Empfehlung an Twitter senden. Schon beim Aktivieren werden Daten an Dritte \\u00fcbertragen - siehe <em>i<\\\/em>.\",\"perma_option\":\"off\",\"language\":\"de\",\"referrer_track\":\"\"}},\"txt_help\":\"Wenn Sie diese Felder durch einen Klick aktivieren, werden Informationen an Facebook, Twitter, Flattr, Xing, t3n, LinkedIn, Pinterest oder Google eventuell ins Ausland \\u00fcbertragen und unter Umst\\u00e4nden auch dort gespeichert. N\\u00e4heres erfahren Sie durch einen Klick auf das <em>i<\\\/em>.\",\"settings_perma\":\"Dauerhaft aktivieren und Daten\\u00fcber-tragung zustimmen:\",\"info_link\":\"http:\\\/\\\/www.heise.de\\\/ct\\\/artikel\\\/2-Klicks-fuer-mehr-Datenschutz-1333879.html\",\"uri\":\"https:\\\/\\\/www.unilinks.info\\\/blog\\\/?p=783\",\"post_id\":783,\"post_title_referrer_track\":\"Kein+Tach+ohne+Abschiebung\",\"display_infobox\":\"on\"});}});\n\/* ]]> *\/<\/script><\/div>","protected":false},"excerpt":{"rendered":"<p>Aufruf zum bundesweiten Tach ohne Abschiebung am 30.8.08 in Bielefeld und anderswo Kein Tach ohne Abschiebung Alleine aus dem Abschiebeknast B\u00fcren (bei Paderborn) heraus werden seit 1994 j\u00e4hrlich 3000-3500 Menschen unter unmenschlichen Bedingungen (z.B. Isohaft, Ausbeutung) abgeschoben. Da der Mensch &hellip; <a href=\"https:\/\/www.unilinks.info\/blog\/?p=783\">Weiterlesen <span class=\"meta-nav\">&rarr;<\/span><\/a><\/p>\n","protected":false},"author":2,"featured_media":0,"comment_status":"closed","ping_status":"closed","sticky":false,"template":"","format":"standard","meta":{"footnotes":""},"categories":[10,32],"tags":[80,33,39],"class_list":["post-783","post","type-post","status-publish","format-standard","hentry","category-10","category-antirassismus","tag-antirassismus","tag-demo","tag-solidaritat"],"_links":{"self":[{"href":"https:\/\/www.unilinks.info\/blog\/index.php?rest_route=\/wp\/v2\/posts\/783"}],"collection":[{"href":"https:\/\/www.unilinks.info\/blog\/index.php?rest_route=\/wp\/v2\/posts"}],"about":[{"href":"https:\/\/www.unilinks.info\/blog\/index.php?rest_route=\/wp\/v2\/types\/post"}],"author":[{"embeddable":true,"href":"https:\/\/www.unilinks.info\/blog\/index.php?rest_route=\/wp\/v2\/users\/2"}],"replies":[{"embeddable":true,"href":"https:\/\/www.unilinks.info\/blog\/index.php?rest_route=%2Fwp%2Fv2%2Fcomments&post=783"}],"version-history":[{"count":11,"href":"https:\/\/www.unilinks.info\/blog\/index.php?rest_route=\/wp\/v2\/posts\/783\/revisions"}],"predecessor-version":[{"id":2062,"href":"https:\/\/www.unilinks.info\/blog\/index.php?rest_route=\/wp\/v2\/posts\/783\/revisions\/2062"}],"wp:attachment":[{"href":"https:\/\/www.unilinks.info\/blog\/index.php?rest_route=%2Fwp%2Fv2%2Fmedia&parent=783"}],"wp:term":[{"taxonomy":"category","embeddable":true,"href":"https:\/\/www.unilinks.info\/blog\/index.php?rest_route=%2Fwp%2Fv2%2Fcategories&post=783"},{"taxonomy":"post_tag","embeddable":true,"href":"https:\/\/www.unilinks.info\/blog\/index.php?rest_route=%2Fwp%2Fv2%2Ftags&post=783"}],"curies":[{"name":"wp","href":"https:\/\/api.w.org\/{rel}","templated":true}]}}