{"id":772,"date":"2013-06-28T21:56:30","date_gmt":"2013-06-28T19:56:30","guid":{"rendered":"https:\/\/www.unilinks.info\/blog\/?p=772"},"modified":"2014-09-05T16:22:05","modified_gmt":"2014-09-05T14:22:05","slug":"wer-wir-sind-und-was-wir-wollen-2","status":"publish","type":"post","link":"https:\/\/www.unilinks.info\/blog\/?p=772","title":{"rendered":"Wer wir sind \u2013 und was wir wollen ??!!"},"content":{"rendered":"<h2 style=\"text-align: justify;\">Unsere aktuelle Selbstdarstellung<\/h2>\n<p style=\"text-align: justify;\"><b>:uni<i>Links<\/i>!<\/b> ist ein seit 1999 bestehender zusammenschluss von leuten aus linken und autonomen strukturen. Wir lieb\u00e4ugeln mit einer offenen uni, in der eine herrschaftkritische und an emanzipation interessierte bildung und wissenschaft ohne verwertbarkeitszw\u00e4nge stattfinden kann. neben hochschulpolitik setzen wir uns noch mit verschiedensten themen, wie antifaschismus, antisemitismus, antimilitarismus, migrationspolitik und rassismuskritik, genderpolitik, biopolitik (z.b.: patentrechte, reproduktionstechnologie), \u00f6kopolitik, zensur &amp; privacy, internationalismus, kapitalismuskritik,&#8230;, auseinander. wir verstehen uns als st\u00f6rung im neoliberalen, rassistischen und sexistischen normalzustand an der uni und anderswo. obwohl wir grunds\u00e4tzlich kritik am parlamentarismus wie auch der stellvertreterInnenpolitik \u00fcben, haben wir uns entschlossen f\u00fcr das stupa zu kandidieren. das stupa ist der ort, an dem die entscheidungen \u00fcber politik und finanzen der studierendenschaft getroffen werden. Wir wollen auch in diesem jahr wieder einfluss darauf nehmen, dass eine kontinuierliche arbeit in den autonomen referaten, den ag \u0301n und den fachschaften erm\u00f6glicht wird. wir m\u00f6chten erm\u00f6glichen, dass entscheidungen dort getroffen werden, wo eure und unsere inhaltliche arbeit geleistet wird. dort, wo jede und jeder direkt und ohne wahlen aktiv werden kann, daf\u00fcr brauchen wir eure unterst\u00fctzung.<br \/>\n<b>:uni<i>Links<\/i>!<\/b> wendet sich in diesem Zusammenhang explizit gegen die seit Jahren vom AStA verfolgte Politik der Zentralisierung politischer Aktivit\u00e4ten. Damit einhergehend pl\u00e4diert :uniLinks! f\u00fcr eine grundlegende Kritik von Hochschulrat und neoliberalen Reformen, anstatt diese durch das Bem\u00fchen im \u201aKonzert der Gro\u00dfen \u2019mitspielen zu d\u00fcrfen, auch noch (ungewollt) zu legitimieren \u2013 genau dies macht der AStA, wenn er sich um eine studentische Stimme im Hochschulrat bem\u00fcht.<br \/>\nMit einer grundlegenden Kritik der aktuellen Hochschulreformen\u00a0\u00a0 und der damit verbundenen Forderung eines politischen Kampfes gegen diese Reformen geht es <b>:uni<i>Links<\/i>! <\/b>nicht um eine Idealisierung alter Verh\u00e4ltnisse. Die Forderung nach Demokratisierung, Selbstorganisation sowie der politische Kampf um eine emanzipative Uni sollten vielmehr als Teil eines gesellschaftlich emanzipatorischen Projekts verstanden werden. In diesem Sinne sollte die M\u00f6glichkeit der Kritik ausgebaut und mit andernorts stattfindenden sozialen K\u00e4mpfen verkn\u00fcpft werden.<br \/>\nnach dem wahlkrampf ist <b>:uni<i>Links<\/i>!<\/b> wieder mittwochs ab 20:30 im infoladen neben dem AJZ, heeper strasse 132 anzutreffen.<\/p>\n<p style=\"text-align: justify;\">f\u00fcr weitere infos \u00fcber die bisherige arbeit, schau unter<br \/>\nhttps:\/\/unilinks.info oder schick\u00a0 \u0301ne mail an liste@unilinks.info<\/p>\n<p>&nbsp;<\/p>\n<div class=\"twoclick_social_bookmarks_post_772 social_share_privacy clearfix 1.6.4 locale-de_DE sprite-de_DE\"><\/div><div class=\"twoclick-js\"><script type=\"text\/javascript\">\/* <![CDATA[ *\/\njQuery(document).ready(function($){if($('.twoclick_social_bookmarks_post_772')){$('.twoclick_social_bookmarks_post_772').socialSharePrivacy({\"services\":{\"facebook\":{\"status\":\"on\",\"txt_info\":\"2 Klicks f\\u00fcr mehr Datenschutz: Erst wenn Ihr hier klickt, wird der Button aktiv und Ihr k\\u00f6nnt Eure Empfehlung an Facebook senden. Schon beim Aktivieren werden Daten an Dritte \\u00fcbertragen - siehe <em>i<\\\/em>.\",\"perma_option\":\"off\",\"action\":\"recommend\",\"language\":\"de_DE\"},\"twitter\":{\"reply_to\":\"uni_Links\",\"tweet_text\":\"%20Wer%20wir%20sind%20%E2%80%93%20und%20was%20wir%20wollen%20%3F%3F%21%21%20%C2%BB%20...\",\"status\":\"on\",\"txt_info\":\"2 Klicks f\\u00fcr mehr Datenschutz: Erst wenn Ihr hier klickt, wird der Button aktiv und Ihr k\\u00f6nnt Eure Empfehlung an Twitter senden. Schon beim Aktivieren werden Daten an Dritte \\u00fcbertragen - siehe <em>i<\\\/em>.\",\"perma_option\":\"off\",\"language\":\"de\",\"referrer_track\":\"\"}},\"txt_help\":\"Wenn Sie diese Felder durch einen Klick aktivieren, werden Informationen an Facebook, Twitter, Flattr, Xing, t3n, LinkedIn, Pinterest oder Google eventuell ins Ausland \\u00fcbertragen und unter Umst\\u00e4nden auch dort gespeichert. N\\u00e4heres erfahren Sie durch einen Klick auf das <em>i<\\\/em>.\",\"settings_perma\":\"Dauerhaft aktivieren und Daten\\u00fcber-tragung zustimmen:\",\"info_link\":\"http:\\\/\\\/www.heise.de\\\/ct\\\/artikel\\\/2-Klicks-fuer-mehr-Datenschutz-1333879.html\",\"uri\":\"https:\\\/\\\/www.unilinks.info\\\/blog\\\/?p=772\",\"post_id\":772,\"post_title_referrer_track\":\"Wer+wir+sind+%E2%80%93+und+was+wir+wollen+%3F%3F%21%21\",\"display_infobox\":\"on\"});}});\n\/* ]]> *\/<\/script><\/div>","protected":false},"excerpt":{"rendered":"<p>Unsere aktuelle Selbstdarstellung :uniLinks! ist ein seit 1999 bestehender zusammenschluss von leuten aus linken und autonomen strukturen. Wir lieb\u00e4ugeln mit einer offenen uni, in der eine herrschaftkritische und an emanzipation interessierte bildung und wissenschaft ohne verwertbarkeitszw\u00e4nge stattfinden kann. neben hochschulpolitik &hellip; <a href=\"https:\/\/www.unilinks.info\/blog\/?p=772\">Weiterlesen <span class=\"meta-nav\">&rarr;<\/span><\/a><\/p>\n","protected":false},"author":2,"featured_media":0,"comment_status":"closed","ping_status":"closed","sticky":false,"template":"","format":"standard","meta":{"footnotes":""},"categories":[10,1],"tags":[27],"class_list":["post-772","post","type-post","status-publish","format-standard","hentry","category-10","category-allgemein","tag-alte-selbstdarstellungen"],"_links":{"self":[{"href":"https:\/\/www.unilinks.info\/blog\/index.php?rest_route=\/wp\/v2\/posts\/772"}],"collection":[{"href":"https:\/\/www.unilinks.info\/blog\/index.php?rest_route=\/wp\/v2\/posts"}],"about":[{"href":"https:\/\/www.unilinks.info\/blog\/index.php?rest_route=\/wp\/v2\/types\/post"}],"author":[{"embeddable":true,"href":"https:\/\/www.unilinks.info\/blog\/index.php?rest_route=\/wp\/v2\/users\/2"}],"replies":[{"embeddable":true,"href":"https:\/\/www.unilinks.info\/blog\/index.php?rest_route=%2Fwp%2Fv2%2Fcomments&post=772"}],"version-history":[{"count":12,"href":"https:\/\/www.unilinks.info\/blog\/index.php?rest_route=\/wp\/v2\/posts\/772\/revisions"}],"predecessor-version":[{"id":2065,"href":"https:\/\/www.unilinks.info\/blog\/index.php?rest_route=\/wp\/v2\/posts\/772\/revisions\/2065"}],"wp:attachment":[{"href":"https:\/\/www.unilinks.info\/blog\/index.php?rest_route=%2Fwp%2Fv2%2Fmedia&parent=772"}],"wp:term":[{"taxonomy":"category","embeddable":true,"href":"https:\/\/www.unilinks.info\/blog\/index.php?rest_route=%2Fwp%2Fv2%2Fcategories&post=772"},{"taxonomy":"post_tag","embeddable":true,"href":"https:\/\/www.unilinks.info\/blog\/index.php?rest_route=%2Fwp%2Fv2%2Ftags&post=772"}],"curies":[{"name":"wp","href":"https:\/\/api.w.org\/{rel}","templated":true}]}}