{"id":708,"date":"2013-06-27T23:29:08","date_gmt":"2013-06-27T21:29:08","guid":{"rendered":"https:\/\/www.unilinks.info\/blog\/?p=708"},"modified":"2014-09-05T16:22:35","modified_gmt":"2014-09-05T14:22:35","slug":"heft-zur-qual-schwerverdauliches-aus-den-letzten-monaten","status":"publish","type":"post","link":"https:\/\/www.unilinks.info\/blog\/?p=708","title":{"rendered":"Heft zur Qual: Schwerverdauliches aus den letzten Monaten"},"content":{"rendered":"<h2>Oder: Die Uni in drei G\u00e4ngen<\/h2>\n<p align=\"center\">Ne tolle Uni, an der wir studieren d\u00fcrfen. Sie hat<br \/>\nnicht nur ein wundervolles Logo, sondern noch<br \/>\nviel mehr Schmackhaftes zu bieten.<\/p>\n<p>&nbsp;<\/p>\n<p style=\"text-align: justify;\"><b>Vorspeise:<\/b><\/p>\n<p style=\"text-align: justify;\"><b>Ein antisemitischer Bibliothekar<\/b><\/p>\n<p style=\"text-align: justify;\">Dazu geh\u00f6rt ein Bibliothekar, Johannes Rogalla von Bieberstein, der in einem pseudowissenschaftlichen Buch \u00ad vorgeblich den Mythos des &#8222;j\u00fcdischen Bolschewismus&#8220; untersuchend \u00ad so ganz nebenbei den Holocaust relativiert und dabei noch suggeriert, die Juden seien &#8211; vorsichtig formuliert &#8211; an ihrer Vernichtung selbst nicht ganz unschuldig.<\/p>\n<p style=\"text-align: justify;\">Wenn mensch sich dies einmal auf der Zunge zergehen l\u00e4sst, entsteht zumindest ein schaler Beigeschmack. Es m\u00fcssen wohl alle Geschmacksnerven abgestorben sein, wenn das nicht als antisemitisch erkannt wird.<\/p>\n<p style=\"text-align: justify;\"><b>Hauptgang:<\/b><\/p>\n<p style=\"text-align: justify;\"><b>Ein ums Image besorgtes Rektorat&#8230;<\/b><\/p>\n<p style=\"text-align: justify;\">Doch das Rektorat leidet scheinbar unter akuter Geschmacksverirrung. H\u00e4tte mensch eigentlich eine Stellungnahme erwartet, in der die Schrift Biebersteins als das bezeichnet w\u00fcrde, was sie ist, und in der das Rektorat sich eindeutig von den pseudowissenschaftlichen &#8222;Erkenntnissen&#8220; desselben distanziert, folgt etwas ganz anderes.<\/p>\n<p style=\"text-align: justify;\">Antifa-AG und Asta, denen Biebersteins Thesen bitter aufsto\u00dfen und die ihn deswegen am liebsten auf dem Kompost entsorgen m\u00f6chten, werden zu einem informellen Gespr\u00e4ch gebeten. Darin wird ihnen nahe gelegt, das Thema ganz schnell zu begraben, damit die Uni aus den Schlagzeilen kommt und keinen Image-Schaden erleidet.<\/p>\n<p style=\"text-align: justify;\">Es droht sich der Magen mittlerweile so langsam umzudrehen.<\/p>\n<p style=\"text-align: justify;\"><b>Nachtisch:<\/b><\/p>\n<p style=\"text-align: justify;\"><b>Eine geschichtsvergessene Ausstellung<\/b><\/p>\n<p style=\"text-align: justify;\">Doch nicht genug. Im M\u00e4rz findet in der Uni-Bibliothek eine Ausstellung \u00fcber &#8222;K\u00fcnstlerehepaare aus dem Umfeld der M\u00fcnchner Debschitz-Schule&#8220; statt. Mit dabei: Kriegerdemkm\u00e4ler des &#8222;K\u00fcnstlers&#8220; Walter von Ruckteschell, die 1925\/26 f\u00fcr die Bielefelder Nikolaikirche geschaffen wurden. Diese sind inspiriert vom Kolonialkrieg in Ostafrika und stellen diesen als heroisches Unternehmen der deutschen Kolonialtruppen dar.<\/p>\n<p style=\"text-align: justify;\">Aber davon und vom Tod von \u00fcber einer halben Million AfrikanerInnen im Kolonialkrieg findet sich in der Ausstellung kein Wort. Stattdessen wird die Debschitz- Schule als Vorl\u00e4ufer des Bauhaus gefeiert. Die Verbrechen der Deutschen Kolonialzeit und die Verdr\u00e4ngung und Verkl\u00e4rung derselben, wie sie in den Werken Ruckteschells vollzogen wird, bleiben vollst\u00e4ndig ausgeklammert. Einfach nur geschmacklos?<\/p>\n<p>Zum Schluss bleibt noch eins zu sagen:<\/p>\n<p align=\"right\">guten appetit\n<\/p>\n<p>&nbsp;<\/p>\n<div class=\"twoclick_social_bookmarks_post_708 social_share_privacy clearfix 1.6.4 locale-de_DE sprite-de_DE\"><\/div><div class=\"twoclick-js\"><script type=\"text\/javascript\">\/* <![CDATA[ *\/\njQuery(document).ready(function($){if($('.twoclick_social_bookmarks_post_708')){$('.twoclick_social_bookmarks_post_708').socialSharePrivacy({\"services\":{\"facebook\":{\"status\":\"on\",\"txt_info\":\"2 Klicks f\\u00fcr mehr Datenschutz: Erst wenn Ihr hier klickt, wird der Button aktiv und Ihr k\\u00f6nnt Eure Empfehlung an Facebook senden. Schon beim Aktivieren werden Daten an Dritte \\u00fcbertragen - siehe <em>i<\\\/em>.\",\"perma_option\":\"off\",\"action\":\"recommend\",\"language\":\"de_DE\"},\"twitter\":{\"reply_to\":\"uni_Links\",\"tweet_text\":\"%20Heft%20zur%20Qual%3A%20Schwerverdauliches%20aus%20den%20letzten%20Monaten%20%C2%BB%20...\",\"status\":\"on\",\"txt_info\":\"2 Klicks f\\u00fcr mehr Datenschutz: Erst wenn Ihr hier klickt, wird der Button aktiv und Ihr k\\u00f6nnt Eure Empfehlung an Twitter senden. Schon beim Aktivieren werden Daten an Dritte \\u00fcbertragen - siehe <em>i<\\\/em>.\",\"perma_option\":\"off\",\"language\":\"de\",\"referrer_track\":\"\"}},\"txt_help\":\"Wenn Sie diese Felder durch einen Klick aktivieren, werden Informationen an Facebook, Twitter, Flattr, Xing, t3n, LinkedIn, Pinterest oder Google eventuell ins Ausland \\u00fcbertragen und unter Umst\\u00e4nden auch dort gespeichert. N\\u00e4heres erfahren Sie durch einen Klick auf das <em>i<\\\/em>.\",\"settings_perma\":\"Dauerhaft aktivieren und Daten\\u00fcber-tragung zustimmen:\",\"info_link\":\"http:\\\/\\\/www.heise.de\\\/ct\\\/artikel\\\/2-Klicks-fuer-mehr-Datenschutz-1333879.html\",\"uri\":\"https:\\\/\\\/www.unilinks.info\\\/blog\\\/?p=708\",\"post_id\":708,\"post_title_referrer_track\":\"Heft+zur+Qual%3A+Schwerverdauliches+aus+den+letzten+Monaten\",\"display_infobox\":\"on\"});}});\n\/* ]]> *\/<\/script><\/div>","protected":false},"excerpt":{"rendered":"<p>Oder: Die Uni in drei G\u00e4ngen Ne tolle Uni, an der wir studieren d\u00fcrfen. Sie hat nicht nur ein wundervolles Logo, sondern noch viel mehr Schmackhaftes zu bieten. &nbsp; Vorspeise: Ein antisemitischer Bibliothekar Dazu geh\u00f6rt ein Bibliothekar, Johannes Rogalla von &hellip; <a href=\"https:\/\/www.unilinks.info\/blog\/?p=708\">Weiterlesen <span class=\"meta-nav\">&rarr;<\/span><\/a><\/p>\n","protected":false},"author":2,"featured_media":0,"comment_status":"closed","ping_status":"closed","sticky":false,"template":"","format":"standard","meta":{"footnotes":""},"categories":[14,22],"tags":[],"class_list":["post-708","post","type-post","status-publish","format-standard","hentry","category-14","category-hochschulpolitik"],"_links":{"self":[{"href":"https:\/\/www.unilinks.info\/blog\/index.php?rest_route=\/wp\/v2\/posts\/708"}],"collection":[{"href":"https:\/\/www.unilinks.info\/blog\/index.php?rest_route=\/wp\/v2\/posts"}],"about":[{"href":"https:\/\/www.unilinks.info\/blog\/index.php?rest_route=\/wp\/v2\/types\/post"}],"author":[{"embeddable":true,"href":"https:\/\/www.unilinks.info\/blog\/index.php?rest_route=\/wp\/v2\/users\/2"}],"replies":[{"embeddable":true,"href":"https:\/\/www.unilinks.info\/blog\/index.php?rest_route=%2Fwp%2Fv2%2Fcomments&post=708"}],"version-history":[{"count":8,"href":"https:\/\/www.unilinks.info\/blog\/index.php?rest_route=\/wp\/v2\/posts\/708\/revisions"}],"predecessor-version":[{"id":2082,"href":"https:\/\/www.unilinks.info\/blog\/index.php?rest_route=\/wp\/v2\/posts\/708\/revisions\/2082"}],"wp:attachment":[{"href":"https:\/\/www.unilinks.info\/blog\/index.php?rest_route=%2Fwp%2Fv2%2Fmedia&parent=708"}],"wp:term":[{"taxonomy":"category","embeddable":true,"href":"https:\/\/www.unilinks.info\/blog\/index.php?rest_route=%2Fwp%2Fv2%2Fcategories&post=708"},{"taxonomy":"post_tag","embeddable":true,"href":"https:\/\/www.unilinks.info\/blog\/index.php?rest_route=%2Fwp%2Fv2%2Ftags&post=708"}],"curies":[{"name":"wp","href":"https:\/\/api.w.org\/{rel}","templated":true}]}}