{"id":522,"date":"2013-05-24T21:35:36","date_gmt":"2013-05-24T19:35:36","guid":{"rendered":"https:\/\/www.unilinks.info\/blog\/?p=522"},"modified":"2014-09-05T16:22:35","modified_gmt":"2014-09-05T14:22:35","slug":"eine-neue-bildungsprotestbewegung-perspektiven-des-bildungsstreiks","status":"publish","type":"post","link":"https:\/\/www.unilinks.info\/blog\/?p=522","title":{"rendered":"Eine neue Bildungsprotestbewegung? Perspektiven des Bildungsstreiks"},"content":{"rendered":"<h2>Info- und Diskussionsveranstaltung am Dienstag, 7.7.09, 18h30, H\u00f6rsaal 11, Uni BI<\/h2>\n<h2>Referent: Jan Latza (Gruppe Soziale K\u00e4mpfe Berlin) www.gruppe-soziale-kaempfe.org www.kapitalismuskrise.org<\/h2>\n<p style=\"text-align: justify;\">Mit dem bundesweiten Bildungsstreik 2009 ist es Sch\u00fclerInnen und<br \/>\nStudierenden gemeinsam gelungen, die \u00f6ffentliche Aufmerksamkeit auf die<br \/>\nkatastrophalen Zust\u00e4nde an Schulen und Hochschulen zu lenken. Am 17.<br \/>\nJuni demonstrierten in bundesweit \u00fcber 100 St\u00e4dten mehr als 250.000<br \/>\nMenschen gegen die neoliberale Zurichtung des Bildungssystems \u2013 einer<br \/>\nder gr\u00f6\u00dften Bildungsproteste in der Geschichte der BRD.<br \/>\nDass der Bologna-Prozess und die Umstellung auf Bachelor- und<br \/>\nMasterstudieng\u00e4nge ein politisches und soziales Desaster sind, ist nun<br \/>\nin der \u00d6ffentlichkeit angekommen. Die politischen Auswirkungen des<br \/>\nStreiks sind bisher zwar noch sehr begrenzt, dies k\u00f6nnte aber die<br \/>\nGrundlage f\u00fcr eine noch breitere Bewegung im Wintersemester und dar\u00fcber<br \/>\nhinaus sein.<br \/>\nIn der Veranstaltung soll der Bildungsstreik ausgewertet und die<br \/>\nPerspektiven diskutiert werden: Wie l\u00e4sst sich der Widerstand gegen die<br \/>\nKrise der Bildungsinstitutionen verbreitern? Wie lassen sich Forderungen<br \/>\nund Alternativen f\u00fcr ein sozial gerechtes und demokratisches<br \/>\nBildungssystem realisieren? Wo liegen Ankn\u00fcpfungspunkte f\u00fcr B\u00fcndnisse<br \/>\nmit anderen gesellschaftlichen Gruppen (Besch\u00e4ftigte, Erwerbslose,<br \/>\nsozialen Bewegungen etc.)? In welchem Verh\u00e4ltnis stehen der<br \/>\nBildungsstreik und die Proteste gegen die herrschende Krisenpolitik?<br \/>\nWir laden alle Aktive aus dem Bielefelder Bildungsstreik aber auch alle<br \/>\nanderen Interessierten herzlich ein zu Vortrag und Diskussion!<\/p>\n<div><a href=\"https:\/\/www.unilinks.info\/blog\/wp-content\/uploads\/2013\/05\/Perspektiven-des-Bildungsstreiks.-Va-7.7.09.pdf\">Veranstaltungsflyer<\/a><\/div>\n<div class=\"twoclick_social_bookmarks_post_522 social_share_privacy clearfix 1.6.4 locale-de_DE sprite-de_DE\"><\/div><div class=\"twoclick-js\"><script type=\"text\/javascript\">\/* <![CDATA[ *\/\njQuery(document).ready(function($){if($('.twoclick_social_bookmarks_post_522')){$('.twoclick_social_bookmarks_post_522').socialSharePrivacy({\"services\":{\"facebook\":{\"status\":\"on\",\"txt_info\":\"2 Klicks f\\u00fcr mehr Datenschutz: Erst wenn Ihr hier klickt, wird der Button aktiv und Ihr k\\u00f6nnt Eure Empfehlung an Facebook senden. Schon beim Aktivieren werden Daten an Dritte \\u00fcbertragen - siehe <em>i<\\\/em>.\",\"perma_option\":\"off\",\"action\":\"recommend\",\"language\":\"de_DE\"},\"twitter\":{\"reply_to\":\"uni_Links\",\"tweet_text\":\"%20Eine%20neue%20Bildungsprotestbewegung%3F%20Perspektiven%20des%20Bildungsstreiks%20%C2%BB%20...\",\"status\":\"on\",\"txt_info\":\"2 Klicks f\\u00fcr mehr Datenschutz: Erst wenn Ihr hier klickt, wird der Button aktiv und Ihr k\\u00f6nnt Eure Empfehlung an Twitter senden. Schon beim Aktivieren werden Daten an Dritte \\u00fcbertragen - siehe <em>i<\\\/em>.\",\"perma_option\":\"off\",\"language\":\"de\",\"referrer_track\":\"\"}},\"txt_help\":\"Wenn Sie diese Felder durch einen Klick aktivieren, werden Informationen an Facebook, Twitter, Flattr, Xing, t3n, LinkedIn, Pinterest oder Google eventuell ins Ausland \\u00fcbertragen und unter Umst\\u00e4nden auch dort gespeichert. N\\u00e4heres erfahren Sie durch einen Klick auf das <em>i<\\\/em>.\",\"settings_perma\":\"Dauerhaft aktivieren und Daten\\u00fcber-tragung zustimmen:\",\"info_link\":\"http:\\\/\\\/www.heise.de\\\/ct\\\/artikel\\\/2-Klicks-fuer-mehr-Datenschutz-1333879.html\",\"uri\":\"https:\\\/\\\/www.unilinks.info\\\/blog\\\/?p=522\",\"post_id\":522,\"post_title_referrer_track\":\"Eine+neue+Bildungsprotestbewegung%3F+Perspektiven+des+Bildungsstreiks\",\"display_infobox\":\"on\"});}});\n\/* ]]> *\/<\/script><\/div>","protected":false},"excerpt":{"rendered":"<p>Info- und Diskussionsveranstaltung am Dienstag, 7.7.09, 18h30, H\u00f6rsaal 11, Uni BI Referent: Jan Latza (Gruppe Soziale K\u00e4mpfe Berlin) www.gruppe-soziale-kaempfe.org www.kapitalismuskrise.org Mit dem bundesweiten Bildungsstreik 2009 ist es Sch\u00fclerInnen und Studierenden gemeinsam gelungen, die \u00f6ffentliche Aufmerksamkeit auf die katastrophalen Zust\u00e4nde an &hellip; <a href=\"https:\/\/www.unilinks.info\/blog\/?p=522\">Weiterlesen <span class=\"meta-nav\">&rarr;<\/span><\/a><\/p>\n","protected":false},"author":2,"featured_media":0,"comment_status":"closed","ping_status":"closed","sticky":false,"template":"","format":"standard","meta":{"footnotes":""},"categories":[9,22],"tags":[78,46,36],"class_list":["post-522","post","type-post","status-publish","format-standard","hentry","category-9","category-hochschulpolitik","tag-hochschulpolitik","tag-soziale-bewegungen","tag-unilinks-veranstaltung"],"_links":{"self":[{"href":"https:\/\/www.unilinks.info\/blog\/index.php?rest_route=\/wp\/v2\/posts\/522"}],"collection":[{"href":"https:\/\/www.unilinks.info\/blog\/index.php?rest_route=\/wp\/v2\/posts"}],"about":[{"href":"https:\/\/www.unilinks.info\/blog\/index.php?rest_route=\/wp\/v2\/types\/post"}],"author":[{"embeddable":true,"href":"https:\/\/www.unilinks.info\/blog\/index.php?rest_route=\/wp\/v2\/users\/2"}],"replies":[{"embeddable":true,"href":"https:\/\/www.unilinks.info\/blog\/index.php?rest_route=%2Fwp%2Fv2%2Fcomments&post=522"}],"version-history":[{"count":8,"href":"https:\/\/www.unilinks.info\/blog\/index.php?rest_route=\/wp\/v2\/posts\/522\/revisions"}],"predecessor-version":[{"id":2093,"href":"https:\/\/www.unilinks.info\/blog\/index.php?rest_route=\/wp\/v2\/posts\/522\/revisions\/2093"}],"wp:attachment":[{"href":"https:\/\/www.unilinks.info\/blog\/index.php?rest_route=%2Fwp%2Fv2%2Fmedia&parent=522"}],"wp:term":[{"taxonomy":"category","embeddable":true,"href":"https:\/\/www.unilinks.info\/blog\/index.php?rest_route=%2Fwp%2Fv2%2Fcategories&post=522"},{"taxonomy":"post_tag","embeddable":true,"href":"https:\/\/www.unilinks.info\/blog\/index.php?rest_route=%2Fwp%2Fv2%2Ftags&post=522"}],"curies":[{"name":"wp","href":"https:\/\/api.w.org\/{rel}","templated":true}]}}