{"id":360,"date":"2013-04-18T20:46:13","date_gmt":"2013-04-18T18:46:13","guid":{"rendered":"https:\/\/www.unilinks.info\/blog\/?p=360"},"modified":"2014-09-05T16:24:42","modified_gmt":"2014-09-05T14:24:42","slug":"welche-wahl-habt-ihr","status":"publish","type":"post","link":"https:\/\/www.unilinks.info\/blog\/?p=360","title":{"rendered":"welche wahl habt ihr?"},"content":{"rendered":"<h2>thesen zum \u00bballgemeinpolitischen mandat\u00ab (apm)<\/h2>\n<p align=\"justify\">wir haben es uns nicht ausgedacht, das system der parlamentarischen demokratie. doch im prinzip ist es ja ganz einfach: alle, die dazugeh\u00f6ren und es wollen, k\u00f6nnen in einer bestimmten frequenz w\u00e4hlen gehen. und zwar ihre politischen vertreterInnen in die parlamente. das tolle: da alle wissen, dass die entscheidungen eines solchen parlamentes, ist es einmal gew\u00e4hlt, unabh\u00e4ngig von den w\u00e4hlenden sind, glaubt auch niemand ernsthaft, da\u00df alle deutschen wahlberechtigten in allen fragen exakt der meinung der bundestagsmehrheit oder der bundesregierung sind, wenn diese entscheiden, ein eurofighter m\u00fcsse zusammengeschraubt oder ein panzer vertickt werden, damit menschen get\u00f6tet werden k\u00f6nnen.<\/p>\n<p align=\"justify\">\u00bbw\u00e4r ja auch noch sch\u00f6ner\u00ab, sagt ihr, doch anders die gegnerInnen des allgemeinpolitischen mandats: die munkeln, jede beliebige forderung eines studierendenparlamentes (stupa), eines allgemeinen studierendenausschusses (asta) oder einer seiner untergliederungen (z.bsp. einer fachschaft), sei allen studierenden individuen der jeweiligen uni oder fh als die ihrige zuzurechnen. ausnahmslos. \u00bbhaneb\u00fcchen\u00ab, h\u00f6ren wir kritische geister jetzt antworten. und hier schl\u00e4gt jetzt die \u00bbpassive meinungsfreiheit\u00ab auf. bumm! von der weiss ich, dass sie nicht hochgradig trivial zu erkl\u00e4ren ist: alle sollen frei entscheiden d\u00fcrfen, wer ihnen was warum in den mund legt. aha!<\/p>\n<p align=\"justify\">warum also die eingangsfrage? weil das prinzip der parlamentarischen demokratie (und \u00fcberhaupt jeglicher demokratie) hier aussetzt. oder besser: ausgesetzt wird. denn ihr d\u00fcrft die w\u00e4hlen, die euch eben nicht politisch vertreten d\u00fcrfen, da sie damit die meinungsfreiheit einschr\u00e4nken t\u00e4ten. puh!<\/p>\n<p align=\"justify\">\u00bbt\u00fc\u00fc\u00fc\u00fc\u00fcrlich, wohl, n\u00e4mlich hochschul- statt allgemeinpolitisch!\u00ab h\u00f6r&#8216; ich manche einwenden, doch auch dies ist ein trugschluss. zwar sagen die gerichte, im hochschulpolitischen bereich m\u00fcssten die studierenden die einschr\u00e4nkung ihrer meinungsfreiheit akzeptieren. die kreativsten urteile in verfahren um das apm greifen jedoch genau hier: ein asta sagt zu onkel wichtig aus gremium xyz: \u00bbb\u00e4h, die wohnsituation der studierenden ist ja m\u00e4chtig unknorke.\u00ab \u00bbgut\u00ab, sagt der, \u00bbseh ich ein. nur [seufz, mitf\u00fchl, lufteinzieh] leider gibt&#8217;s keine andere m\u00f6glichkeit. die knappen kassen, bla, bla, blub&#8230;\u00ab jetzt die engagierte asta-funktion\u00e4rin mit zwei m\u00f6glichkeiten: entweder: \u00bbscheisse!\u00ab oder: \u00bbnun, ich sehe da folgende alternativen: [konstruktives-konzept-mit-solider-gegenfinanzierung-ausbreit]\u00ab peng: allgemeinpolitik! urteil! ordnungsgeld! achtung: wahre begebenheit, kein einzelfall.<\/p>\n<p align=\"justify\">doch ist die hochschule eingebettet in diese gesellschaft, die schnittpunkte sind unz\u00e4hlbar und die politischen vorg\u00e4nge in ihr und mit ihr wechselwirken mit der gesellschaft. wollen wir was ver\u00e4ndern, k\u00f6nnen wir das nicht ausblenden. wenn wir die uni\/fh beeinflussen, wirkt das auf die gesellschaft aus, beeinflussen andere die gesellschaft, bleibt die uni\/fh nicht unbetroffen. machen wir uns nichts vor: die trennung von hochschul- und allgemeinpolitik ist humbug.<\/p>\n<p style=\"text-align: right;\" align=\"justify\"><b>allgemeinpolitisch<br \/>\ngenie\u00dfbar<\/b><\/p>\n<p align=\"justify\">\n<div class=\"twoclick_social_bookmarks_post_360 social_share_privacy clearfix 1.6.4 locale-de_DE sprite-de_DE\"><\/div><div class=\"twoclick-js\"><script type=\"text\/javascript\">\/* <![CDATA[ *\/\njQuery(document).ready(function($){if($('.twoclick_social_bookmarks_post_360')){$('.twoclick_social_bookmarks_post_360').socialSharePrivacy({\"services\":{\"facebook\":{\"status\":\"on\",\"txt_info\":\"2 Klicks f\\u00fcr mehr Datenschutz: Erst wenn Ihr hier klickt, wird der Button aktiv und Ihr k\\u00f6nnt Eure Empfehlung an Facebook senden. Schon beim Aktivieren werden Daten an Dritte \\u00fcbertragen - siehe <em>i<\\\/em>.\",\"perma_option\":\"off\",\"action\":\"recommend\",\"language\":\"de_DE\"},\"twitter\":{\"reply_to\":\"uni_Links\",\"tweet_text\":\"%20welche%20wahl%20habt%20ihr%3F%20%C2%BB%20%3AuniLinks%21%20%23Gesellschaftskritik%20...\",\"status\":\"on\",\"txt_info\":\"2 Klicks f\\u00fcr mehr Datenschutz: Erst wenn Ihr hier klickt, wird der Button aktiv und Ihr k\\u00f6nnt Eure Empfehlung an Twitter senden. Schon beim Aktivieren werden Daten an Dritte \\u00fcbertragen - siehe <em>i<\\\/em>.\",\"perma_option\":\"off\",\"language\":\"de\",\"referrer_track\":\"\"}},\"txt_help\":\"Wenn Sie diese Felder durch einen Klick aktivieren, werden Informationen an Facebook, Twitter, Flattr, Xing, t3n, LinkedIn, Pinterest oder Google eventuell ins Ausland \\u00fcbertragen und unter Umst\\u00e4nden auch dort gespeichert. N\\u00e4heres erfahren Sie durch einen Klick auf das <em>i<\\\/em>.\",\"settings_perma\":\"Dauerhaft aktivieren und Daten\\u00fcber-tragung zustimmen:\",\"info_link\":\"http:\\\/\\\/www.heise.de\\\/ct\\\/artikel\\\/2-Klicks-fuer-mehr-Datenschutz-1333879.html\",\"uri\":\"https:\\\/\\\/www.unilinks.info\\\/blog\\\/?p=360\",\"post_id\":360,\"post_title_referrer_track\":\"welche+wahl+habt+ihr%3F\",\"display_infobox\":\"on\"});}});\n\/* ]]> *\/<\/script><\/div>","protected":false},"excerpt":{"rendered":"<p>thesen zum \u00bballgemeinpolitischen mandat\u00ab (apm) wir haben es uns nicht ausgedacht, das system der parlamentarischen demokratie. doch im prinzip ist es ja ganz einfach: alle, die dazugeh\u00f6ren und es wollen, k\u00f6nnen in einer bestimmten frequenz w\u00e4hlen gehen. und zwar ihre &hellip; <a href=\"https:\/\/www.unilinks.info\/blog\/?p=360\">Weiterlesen <span class=\"meta-nav\">&rarr;<\/span><\/a><\/p>\n","protected":false},"author":2,"featured_media":0,"comment_status":"closed","ping_status":"closed","sticky":false,"template":"","format":"standard","meta":{"footnotes":""},"categories":[18,22],"tags":[30,78],"class_list":["post-360","post","type-post","status-publish","format-standard","hentry","category-18","category-hochschulpolitik","tag-gesellschaftskritik","tag-hochschulpolitik"],"_links":{"self":[{"href":"https:\/\/www.unilinks.info\/blog\/index.php?rest_route=\/wp\/v2\/posts\/360"}],"collection":[{"href":"https:\/\/www.unilinks.info\/blog\/index.php?rest_route=\/wp\/v2\/posts"}],"about":[{"href":"https:\/\/www.unilinks.info\/blog\/index.php?rest_route=\/wp\/v2\/types\/post"}],"author":[{"embeddable":true,"href":"https:\/\/www.unilinks.info\/blog\/index.php?rest_route=\/wp\/v2\/users\/2"}],"replies":[{"embeddable":true,"href":"https:\/\/www.unilinks.info\/blog\/index.php?rest_route=%2Fwp%2Fv2%2Fcomments&post=360"}],"version-history":[{"count":5,"href":"https:\/\/www.unilinks.info\/blog\/index.php?rest_route=\/wp\/v2\/posts\/360\/revisions"}],"predecessor-version":[{"id":2172,"href":"https:\/\/www.unilinks.info\/blog\/index.php?rest_route=\/wp\/v2\/posts\/360\/revisions\/2172"}],"wp:attachment":[{"href":"https:\/\/www.unilinks.info\/blog\/index.php?rest_route=%2Fwp%2Fv2%2Fmedia&parent=360"}],"wp:term":[{"taxonomy":"category","embeddable":true,"href":"https:\/\/www.unilinks.info\/blog\/index.php?rest_route=%2Fwp%2Fv2%2Fcategories&post=360"},{"taxonomy":"post_tag","embeddable":true,"href":"https:\/\/www.unilinks.info\/blog\/index.php?rest_route=%2Fwp%2Fv2%2Ftags&post=360"}],"curies":[{"name":"wp","href":"https:\/\/api.w.org\/{rel}","templated":true}]}}