{"id":350,"date":"2013-04-12T17:54:21","date_gmt":"2013-04-12T15:54:21","guid":{"rendered":"https:\/\/www.unilinks.info\/blog\/?p=350"},"modified":"2014-09-05T16:24:42","modified_gmt":"2014-09-05T14:24:42","slug":"demonstration-gegen-ausgrenzung-abschiebung-und-rassistische-migrationspolitik","status":"publish","type":"post","link":"https:\/\/www.unilinks.info\/blog\/?p=350","title":{"rendered":"Demonstration gegen Ausgrenzung, Abschiebung und rassistische Migrationspolitik"},"content":{"rendered":"<p style=\"text-align: justify;\">Gemeinsam mit Euch wollen wir am 22. Oktober 2011 in Bielefeld auf die Stra\u00dfe gehen und gegen das rassistische Abschiebesystem der EU, an dem Deutschland wesentlich beteiligt ist protestieren. Gerade in Bielefeld, wo sich eine der zentralen Ausl\u00e4nderbeh\u00f6rden (ZAB) befindet und massenhaft Abschiebungen durchgef\u00fchrt werden, ist ein sichtbarer Widerstand gegen die Abschiebepraxis dringend notwendig! \u00a0 Kommt zahlreich und mobilisiert in eurer Region!!! Wenn ihr diesen Aufruf unterst\u00fctzen wollt, schreibt an: gegenabschiebung@riseup.net \u00a0 Weitere Infos zur Demo, Material und zur organisierenden Gruppe gibt es unter:<\/p>\n<p style=\"text-align: justify;\"><a href=\"http:\/\/moveandresist.wordpress.com\/\">http:\/\/moveandresist.wordpress.com\/<\/a><\/p>\n<p style=\"text-align: justify;\"><strong>\u00a0Abschiebung Stoppen! F\u00fcr ein Recht auf Bewegungsfreiheit! Stop deportation! Freedom of movement! \u00a1Que paren las deportaciones y derecho a la libertad de circulaci\u00f3n! Pour un arr\u00eat d&#8217;expulsion et pour le droit de la libert\u00e9 de mouvement!<\/strong><\/p>\n<p style=\"text-align: justify;\"><a href=\"https:\/\/www.unilinks.info\/blog\/wp-content\/uploads\/2013\/07\/demo-22.10.-flyer-dt.pdf\">Flyer<\/a><\/p>\n<p style=\"text-align: justify;\">\n<div class=\"twoclick_social_bookmarks_post_350 social_share_privacy clearfix 1.6.4 locale-de_DE sprite-de_DE\"><\/div><div class=\"twoclick-js\"><script type=\"text\/javascript\">\/* <![CDATA[ *\/\njQuery(document).ready(function($){if($('.twoclick_social_bookmarks_post_350')){$('.twoclick_social_bookmarks_post_350').socialSharePrivacy({\"services\":{\"facebook\":{\"status\":\"on\",\"txt_info\":\"2 Klicks f\\u00fcr mehr Datenschutz: Erst wenn Ihr hier klickt, wird der Button aktiv und Ihr k\\u00f6nnt Eure Empfehlung an Facebook senden. Schon beim Aktivieren werden Daten an Dritte \\u00fcbertragen - siehe <em>i<\\\/em>.\",\"perma_option\":\"off\",\"action\":\"recommend\",\"language\":\"de_DE\"},\"twitter\":{\"reply_to\":\"uni_Links\",\"tweet_text\":\"%20Demonstration%20gegen%20Ausgrenzung%2C%20Abschiebung%20und%20rassistische%20Migrationspolitik%20...\",\"status\":\"on\",\"txt_info\":\"2 Klicks f\\u00fcr mehr Datenschutz: Erst wenn Ihr hier klickt, wird der Button aktiv und Ihr k\\u00f6nnt Eure Empfehlung an Twitter senden. Schon beim Aktivieren werden Daten an Dritte \\u00fcbertragen - siehe <em>i<\\\/em>.\",\"perma_option\":\"off\",\"language\":\"de\",\"referrer_track\":\"\"}},\"txt_help\":\"Wenn Sie diese Felder durch einen Klick aktivieren, werden Informationen an Facebook, Twitter, Flattr, Xing, t3n, LinkedIn, Pinterest oder Google eventuell ins Ausland \\u00fcbertragen und unter Umst\\u00e4nden auch dort gespeichert. N\\u00e4heres erfahren Sie durch einen Klick auf das <em>i<\\\/em>.\",\"settings_perma\":\"Dauerhaft aktivieren und Daten\\u00fcber-tragung zustimmen:\",\"info_link\":\"http:\\\/\\\/www.heise.de\\\/ct\\\/artikel\\\/2-Klicks-fuer-mehr-Datenschutz-1333879.html\",\"uri\":\"https:\\\/\\\/www.unilinks.info\\\/blog\\\/?p=350\",\"post_id\":350,\"post_title_referrer_track\":\"Demonstration+gegen+Ausgrenzung%2C+Abschiebung+und+rassistische+Migrationspolitik\",\"display_infobox\":\"on\"});}});\n\/* ]]> *\/<\/script><\/div>","protected":false},"excerpt":{"rendered":"<p>Gemeinsam mit Euch wollen wir am 22. Oktober 2011 in Bielefeld auf die Stra\u00dfe gehen und gegen das rassistische Abschiebesystem der EU, an dem Deutschland wesentlich beteiligt ist protestieren. Gerade in Bielefeld, wo sich eine der zentralen Ausl\u00e4nderbeh\u00f6rden (ZAB) befindet &hellip; <a href=\"https:\/\/www.unilinks.info\/blog\/?p=350\">Weiterlesen <span class=\"meta-nav\">&rarr;<\/span><\/a><\/p>\n","protected":false},"author":2,"featured_media":0,"comment_status":"closed","ping_status":"closed","sticky":false,"template":"","format":"standard","meta":{"footnotes":""},"categories":[7,1,32],"tags":[],"class_list":["post-350","post","type-post","status-publish","format-standard","hentry","category-7","category-allgemein","category-antirassismus"],"_links":{"self":[{"href":"https:\/\/www.unilinks.info\/blog\/index.php?rest_route=\/wp\/v2\/posts\/350"}],"collection":[{"href":"https:\/\/www.unilinks.info\/blog\/index.php?rest_route=\/wp\/v2\/posts"}],"about":[{"href":"https:\/\/www.unilinks.info\/blog\/index.php?rest_route=\/wp\/v2\/types\/post"}],"author":[{"embeddable":true,"href":"https:\/\/www.unilinks.info\/blog\/index.php?rest_route=\/wp\/v2\/users\/2"}],"replies":[{"embeddable":true,"href":"https:\/\/www.unilinks.info\/blog\/index.php?rest_route=%2Fwp%2Fv2%2Fcomments&post=350"}],"version-history":[{"count":8,"href":"https:\/\/www.unilinks.info\/blog\/index.php?rest_route=\/wp\/v2\/posts\/350\/revisions"}],"predecessor-version":[{"id":2174,"href":"https:\/\/www.unilinks.info\/blog\/index.php?rest_route=\/wp\/v2\/posts\/350\/revisions\/2174"}],"wp:attachment":[{"href":"https:\/\/www.unilinks.info\/blog\/index.php?rest_route=%2Fwp%2Fv2%2Fmedia&parent=350"}],"wp:term":[{"taxonomy":"category","embeddable":true,"href":"https:\/\/www.unilinks.info\/blog\/index.php?rest_route=%2Fwp%2Fv2%2Fcategories&post=350"},{"taxonomy":"post_tag","embeddable":true,"href":"https:\/\/www.unilinks.info\/blog\/index.php?rest_route=%2Fwp%2Fv2%2Ftags&post=350"}],"curies":[{"name":"wp","href":"https:\/\/api.w.org\/{rel}","templated":true}]}}