{"id":1607,"date":"2013-07-06T21:01:56","date_gmt":"2013-07-06T19:01:56","guid":{"rendered":"https:\/\/www.unilinks.info\/blog\/?p=1607"},"modified":"2014-09-05T16:20:43","modified_gmt":"2014-09-05T14:20:43","slug":"fur-eine-linke-die-dazwischen-geht-input-und-austausch-uber-die-interventionistische-linke","status":"publish","type":"post","link":"https:\/\/www.unilinks.info\/blog\/?p=1607","title":{"rendered":"F\u00fcr eine Linke, die dazwischen geht &#8211; Input und Austausch \u00fcber die Interventionistische Linke"},"content":{"rendered":"<h2><strong><i>Veranstaltung im Rahmen des roten montags<\/i><\/strong><\/h2>\n<p>In der Interventionistischen Linken (IL) sind zur Zeit um die 25 verschiedenen linken Gruppen, Initiativen und Zeitungsprojekte aus dem gesamten Bundesgebiet organisiert, hierunter der D\u00fcsseldorfer Antifa-KOK, die Berliner Gruppe FelS (F\u00fcr eine linke Str\u00f6mung) und die Monatszeitschrift Analyse &amp; Kritik. Seit ihrer Gr\u00fcndung 2005 versucht die IL in politische Auseinandersetzungen einzugreifen, gesellschaftliche Kr\u00e4fteverh\u00e4ltnisse nach links zu verschieben und ihre Kritik an den herrschenden Zust\u00e4nden in breiten B\u00fcndnissen deutlich zu machen. Einige von der IL mitgetragene Kampagnen waren: Block G8 (Heiligendamm 2007), die Proteste gegen den Kongress von Pro K\u00f6ln (2008), die allj\u00e4hrlichen Massenblockaden gegen die Naziaufm\u00e4rsche in Dresden oder Castor Schottern im vergangenen Jahr. An diesem Roten Montag wird ein Vertreter der Interventionistischen Linken nicht nur die Entstehung der IL und die damit verbundenen \u00dcberlegungen beschreiben, sondern auch einen Einblick in aktuelle Projekte und Diskussionen geben. Zudem wollen wir gemeinsam einen Blick auf den Umgang mit Machtverh\u00e4ltnissen und Hierarchiebildung in linken Gruppen werfen. http:\/\/rotermontag.blogsport.de\/<\/p>\n<div>\n<div>Date:\u00a0 7.11.<\/div>\n<\/div>\n<div>\n<div>time:\u00a0 20h<\/div>\n<p><a href=\"https:\/\/www.unilinks.info\/blog\/wp-content\/uploads\/2013\/07\/november1_0.pdf\">Veranstaltungsflyer<\/a><\/p>\n<\/div>\n<div class=\"twoclick_social_bookmarks_post_1607 social_share_privacy clearfix 1.6.4 locale-de_DE sprite-de_DE\"><\/div><div class=\"twoclick-js\"><script type=\"text\/javascript\">\/* <![CDATA[ *\/\njQuery(document).ready(function($){if($('.twoclick_social_bookmarks_post_1607')){$('.twoclick_social_bookmarks_post_1607').socialSharePrivacy({\"services\":{\"facebook\":{\"status\":\"on\",\"txt_info\":\"2 Klicks f\\u00fcr mehr Datenschutz: Erst wenn Ihr hier klickt, wird der Button aktiv und Ihr k\\u00f6nnt Eure Empfehlung an Facebook senden. Schon beim Aktivieren werden Daten an Dritte \\u00fcbertragen - siehe <em>i<\\\/em>.\",\"perma_option\":\"off\",\"action\":\"recommend\",\"language\":\"de_DE\"},\"twitter\":{\"reply_to\":\"uni_Links\",\"tweet_text\":\"%20F%C3%BCr%20eine%20Linke%2C%20die%20dazwischen%20geht%20%E2%80%93%20Input%20und%20Austausch%20...\",\"status\":\"on\",\"txt_info\":\"2 Klicks f\\u00fcr mehr Datenschutz: Erst wenn Ihr hier klickt, wird der Button aktiv und Ihr k\\u00f6nnt Eure Empfehlung an Twitter senden. Schon beim Aktivieren werden Daten an Dritte \\u00fcbertragen - siehe <em>i<\\\/em>.\",\"perma_option\":\"off\",\"language\":\"de\",\"referrer_track\":\"\"}},\"txt_help\":\"Wenn Sie diese Felder durch einen Klick aktivieren, werden Informationen an Facebook, Twitter, Flattr, Xing, t3n, LinkedIn, Pinterest oder Google eventuell ins Ausland \\u00fcbertragen und unter Umst\\u00e4nden auch dort gespeichert. N\\u00e4heres erfahren Sie durch einen Klick auf das <em>i<\\\/em>.\",\"settings_perma\":\"Dauerhaft aktivieren und Daten\\u00fcber-tragung zustimmen:\",\"info_link\":\"http:\\\/\\\/www.heise.de\\\/ct\\\/artikel\\\/2-Klicks-fuer-mehr-Datenschutz-1333879.html\",\"uri\":\"https:\\\/\\\/www.unilinks.info\\\/blog\\\/?p=1607\",\"post_id\":1607,\"post_title_referrer_track\":\"F%C3%BCr+eine+Linke%2C+die+dazwischen+geht+%26%238211%3B+Input+und+Austausch+%C3%BCber+die+Interventionistische+Linke\",\"display_infobox\":\"on\"});}});\n\/* ]]> *\/<\/script><\/div>","protected":false},"excerpt":{"rendered":"<p>Veranstaltung im Rahmen des roten montags In der Interventionistischen Linken (IL) sind zur Zeit um die 25 verschiedenen linken Gruppen, Initiativen und Zeitungsprojekte aus dem gesamten Bundesgebiet organisiert, hierunter der D\u00fcsseldorfer Antifa-KOK, die Berliner Gruppe FelS (F\u00fcr eine linke Str\u00f6mung) &hellip; <a href=\"https:\/\/www.unilinks.info\/blog\/?p=1607\">Weiterlesen <span class=\"meta-nav\">&rarr;<\/span><\/a><\/p>\n","protected":false},"author":2,"featured_media":0,"comment_status":"closed","ping_status":"closed","sticky":false,"template":"","format":"standard","meta":{"footnotes":""},"categories":[7],"tags":[30,36],"class_list":["post-1607","post","type-post","status-publish","format-standard","hentry","category-7","tag-gesellschaftskritik","tag-unilinks-veranstaltung"],"_links":{"self":[{"href":"https:\/\/www.unilinks.info\/blog\/index.php?rest_route=\/wp\/v2\/posts\/1607"}],"collection":[{"href":"https:\/\/www.unilinks.info\/blog\/index.php?rest_route=\/wp\/v2\/posts"}],"about":[{"href":"https:\/\/www.unilinks.info\/blog\/index.php?rest_route=\/wp\/v2\/types\/post"}],"author":[{"embeddable":true,"href":"https:\/\/www.unilinks.info\/blog\/index.php?rest_route=\/wp\/v2\/users\/2"}],"replies":[{"embeddable":true,"href":"https:\/\/www.unilinks.info\/blog\/index.php?rest_route=%2Fwp%2Fv2%2Fcomments&post=1607"}],"version-history":[{"count":5,"href":"https:\/\/www.unilinks.info\/blog\/index.php?rest_route=\/wp\/v2\/posts\/1607\/revisions"}],"predecessor-version":[{"id":2039,"href":"https:\/\/www.unilinks.info\/blog\/index.php?rest_route=\/wp\/v2\/posts\/1607\/revisions\/2039"}],"wp:attachment":[{"href":"https:\/\/www.unilinks.info\/blog\/index.php?rest_route=%2Fwp%2Fv2%2Fmedia&parent=1607"}],"wp:term":[{"taxonomy":"category","embeddable":true,"href":"https:\/\/www.unilinks.info\/blog\/index.php?rest_route=%2Fwp%2Fv2%2Fcategories&post=1607"},{"taxonomy":"post_tag","embeddable":true,"href":"https:\/\/www.unilinks.info\/blog\/index.php?rest_route=%2Fwp%2Fv2%2Ftags&post=1607"}],"curies":[{"name":"wp","href":"https:\/\/api.w.org\/{rel}","templated":true}]}}